{"id":8976,"date":"2026-09-04T09:24:58","date_gmt":"2026-09-04T07:24:58","guid":{"rendered":"https:\/\/www.alfredetcompagnie.com\/cms\/fr\/?p=8976"},"modified":"2026-09-04T09:29:18","modified_gmt":"2026-09-04T07:29:18","slug":"alfred-et-compagnie-dans-la-voix-du-nord-nos-conseils-pour-choisir-un-lit-enfant","status":"publish","type":"post","link":"https:\/\/www.alfredetcompagnie.com\/cms\/fr\/place-a-la-deco\/alfred-vu-par\/alfred-et-compagnie-dans-la-voix-du-nord-nos-conseils-pour-choisir-un-lit-enfant\/","title":{"rendered":"Alfred et Compagnie dans La Voix du Nord : nos conseils pour choisir un lit enfant"},"content":{"rendered":"\n<p>Une jolie mise en lumi\u00e8re pour Alfred et Compagnie dans La Voix du Nord \u00e0 travers un article consacr\u00e9 au choix du lit enfant et \u00e0 l&rsquo;am\u00e9nagement d&rsquo;une chambre durable et \u00e9volutive.<\/p>\n\n\n\n<h2 class=\"wp-block-heading\"><strong><mark style=\"background-color:rgba(0, 0, 0, 0);color:#2b3e54\" class=\"has-inline-color\">Quel lit choisir pour la chambre de son enfant ?<\/mark><\/strong><\/h2>\n\n\n\n<p>Lit \u00e9volutif, lit cabane, <a href=\"https:\/\/www.alfredetcompagnie.com\/248-lit-mezzanine.html\">lit mezzanine<\/a>, lit superpos\u00e9 ou encore lit gigogne\u2026 Le choix ne manque pas lorsqu\u2019il s\u2019agit d\u2019am\u00e9nager la chambre d\u2019un enfant !<\/p>\n\n\n\n<p>Mais comment choisir un lit adapt\u00e9 \u00e0 son \u00e2ge, \u00e0 ses besoins et \u00e0 l\u2019espace disponible ? Et comment privil\u00e9gier un mobilier durable plut\u00f4t que de devoir renouveler l\u2019am\u00e9nagement de la chambre dans quelques ann\u00e9es ?<\/p>\n\n\n\n<p>Dans son article, <strong>La Voix du Nord<\/strong> revient sur les bons r\u00e9flexes \u00e0 adopter pour choisir un lit enfant durable et \u00e9volutif. L\u2019occasion \u00e9galement de d\u00e9couvrir diff\u00e9rentes solutions pour optimiser l\u2019espace dans une petite chambre, pr\u00e9voir des rangements pratiques ou encore multiplier les couchages pour les familles recompos\u00e9es ou lorsque la famille s\u2019agrandit.<\/p>\n\n\n\n<h2 class=\"wp-block-heading\"><strong><mark style=\"background-color:rgba(0, 0, 0, 0);color:#2b3e54\" class=\"has-inline-color\">Les conseils d&rsquo;Alfred et Compagnie<\/mark><\/strong><\/h2>\n\n\n\n<p>Depuis 2013, <strong>Alfred et Compagnie accompagne les familles dans l\u2019am\u00e9nagement des chambres d\u2019enfant<\/strong>, avec une s\u00e9lection de mobilier pens\u00e9e pour r\u00e9pondre aux besoins des enfants \u00e0 chaque \u00e9tape de leur croissance.<\/p>\n\n\n\n<p>Notre s\u00e9lection comprend notamment des <strong>lits mezzanines, <a href=\"https:\/\/www.alfredetcompagnie.com\/123-lit-superpose.html\">lits superpos\u00e9s<\/a>, lits cabane, lits gigognes et lits Montessori<\/strong>, ainsi que des bureaux, rangements et autres meubles pour composer une chambre pratique, confortable et adapt\u00e9e \u00e0 chaque \u00e2ge. Et les parents ne sont pas oubli\u00e9s ! Nous proposons \u00e9galement une s\u00e9lection de mobilier \u00e9co-con\u00e7u pour chambre adulte.<\/p>\n\n\n\n<p>Nous accordons \u00e9galement une attention particuli\u00e8re aux mat\u00e9riaux, \u00e0 la conception des meubles et \u00e0 leur durabilit\u00e9, en privil\u00e9giant notamment des produits <strong>\u00e9co-con\u00e7us<\/strong>, <strong>peints \u00e0 base d&rsquo;eau<\/strong> et <strong>fabriqu\u00e9s en France et en Europe<\/strong>.<\/p>\n\n\n\n<p>Envie d\u2019en savoir plus sur les diff\u00e9rents types de lits et de d\u00e9couvrir des conseils pour am\u00e9nager une chambre enfant durable et \u00e9volutive ? Retrouvez l&rsquo;int\u00e9gralit\u00e9 de l&rsquo;article publi\u00e9 par La Voix du Nord : \u00ab\u00a0<em><a href=\"https:\/\/www.lavoixdunord.fr\/instant\/1733743\/article\/2026-09-02\/quel-lit-choisir-pour-la-chambre-de-son-enfant-mezzanine-cabane-evolutif-l-avis\" target=\"_blank\" rel=\"noreferrer noopener\">Quel lit choisir pour la chambre de son enfant\u00a0? Mezzanine, cabane, \u00e9volutif\u00a0: l\u2019avis d\u2019un sp\u00e9cialiste du mobilier enfant des Hauts-de-France<\/a>\u00ab\u00a0<\/em>.<\/p>\n\n\n\n<div class=\"wp-block-buttons is-layout-flex wp-block-buttons-is-layout-flex\">\n<div class=\"wp-block-button\"><a class=\"wp-block-button__link has-background wp-element-button\" href=\"https:\/\/www.lavoixdunord.fr\/instant\/1733743\/article\/2026-09-02\/quel-lit-choisir-pour-la-chambre-de-son-enfant-mezzanine-cabane-evolutif-l-avis\" style=\"background-color:#ab7460\"><strong>Lire l&rsquo;article sur La Voix du Nord<\/strong><\/a><\/div>\n<\/div>\n","protected":false},"excerpt":{"rendered":"<p>Une jolie mise en lumi\u00e8re pour Alfred et Compagnie dans La Voix du Nord \u00e0 travers un article consacr\u00e9 au choix du lit enfant et \u00e0 l&rsquo;am\u00e9nagement d&rsquo;une chambre durable et \u00e9volutive.<\/p>\n","protected":false},"author":3,"featured_media":9010,"comment_status":"closed","ping_status":"","sticky":false,"template":"","format":"standard","meta":{"footnotes":""},"categories":[11,12],"tags":[49,406,56,57,121,70,87,46],"class_list":["post-8976","post","type-post","status-publish","format-standard","has-post-thumbnail","hentry","category-alfred-vu-par","category-conseils-amenagement-chambre","tag-chambre-enfant","tag-la-voix-du-nord","tag-lit-enfant","tag-lit-evolutif","tag-lit-gigogne","tag-lit-mezzanine","tag-lit-superpose","tag-montessori"],"_links":{"self":[{"href":"https:\/\/www.alfredetcompagnie.com\/cms\/fr\/wp-json\/wp\/v2\/posts\/8976","targetHints":{"allow":["GET"]}}],"collection":[{"href":"https:\/\/www.alfredetcompagnie.com\/cms\/fr\/wp-json\/wp\/v2\/posts"}],"about":[{"href":"https:\/\/www.alfredetcompagnie.com\/cms\/fr\/wp-json\/wp\/v2\/types\/post"}],"author":[{"embeddable":true,"href":"https:\/\/www.alfredetcompagnie.com\/cms\/fr\/wp-json\/wp\/v2\/users\/3"}],"replies":[{"embeddable":true,"href":"https:\/\/www.alfredetcompagnie.com\/cms\/fr\/wp-json\/wp\/v2\/comments?post=8976"}],"version-history":[{"count":29,"href":"https:\/\/www.alfredetcompagnie.com\/cms\/fr\/wp-json\/wp\/v2\/posts\/8976\/revisions"}],"predecessor-version":[{"id":9009,"href":"https:\/\/www.alfredetcompagnie.com\/cms\/fr\/wp-json\/wp\/v2\/posts\/8976\/revisions\/9009"}],"wp:featuredmedia":[{"embeddable":true,"href":"https:\/\/www.alfredetcompagnie.com\/cms\/fr\/wp-json\/wp\/v2\/media\/9010"}],"wp:attachment":[{"href":"https:\/\/www.alfredetcompagnie.com\/cms\/fr\/wp-json\/wp\/v2\/media?parent=8976"}],"wp:term":[{"taxonomy":"category","embeddable":true,"href":"https:\/\/www.alfredetcompagnie.com\/cms\/fr\/wp-json\/wp\/v2\/categories?post=8976"},{"taxonomy":"post_tag","embeddable":true,"href":"https:\/\/www.alfredetcompagnie.com\/cms\/fr\/wp-json\/wp\/v2\/tags?post=8976"}],"curies":[{"name":"wp","href":"https:\/\/api.w.org\/{rel}","templated":true}]}}